{"id":209334,"date":"2026-03-30T13:44:00","date_gmt":"2026-03-30T11:44:00","guid":{"rendered":"https:\/\/asdgroupcustoms.com\/?post_type=actualite&#038;p=209334"},"modified":"2026-04-16T14:42:35","modified_gmt":"2026-04-16T12:42:35","slug":"madarsko-prahy-intrastatu-zvyseny-pro-rok-2026","status":"publish","type":"actualite","link":"https:\/\/asdgroupcustoms.com\/cz\/madarsko-prahy-intrastatu-zvyseny-pro-rok-2026\/","title":{"rendered":"Ma\u010farsko: Prahy Intrastatu zv\u00fd\u0161eny pro rok 2026"},"content":{"rendered":"\n<p>Ma\u010farsk\u00e9 \u00fa\u0159ady potvrdily <strong>zv\u00fd\u0161en\u00ed prahov\u00fdch hodnot pro Intrastat reporting pro kalend\u00e1\u0159n\u00ed rok 2026<\/strong>. Tato aktualizace m\u00e1 za c\u00edl sn\u00ed\u017eit administrativn\u00ed z\u00e1t\u011b\u017e pro podniky, zejm\u00e9na pro mal\u00e9 a st\u0159edn\u00ed podniky, omezen\u00edm po\u010dtu spole\u010dnost\u00ed podl\u00e9haj\u00edc\u00edch <strong>statistick\u00fdm reportingov\u00fdm povinnostem v r\u00e1mci EU<\/strong>.<\/p>\n\n\n\n<h2 class=\"wp-block-heading\"><strong>Nov\u00e9 prahov\u00e9 hodnoty platn\u00e9 od 1. ledna 2026<\/strong><\/h2>\n\n\n\n<p><a href=\"https:\/\/asdgroupcustoms.com\/cz\/prahove-hodnoty-intrastat-a-emebi-2026-v-eu\/\">K 1. lednu 2026 budou prahov\u00e9 hodnoty Intrastatu<\/a> v Ma\u010farsku upraveny n\u00e1sledovn\u011b:<\/p>\n\n\n\n<ul class=\"wp-block-list\">\n<li><strong>P\u0159\u00edjem<\/strong>: 500 milion\u016f HUF (d\u0159\u00edve 400 milion\u016f HUF v roce 2025)<\/li>\n\n\n\n<li><strong>Expedice<\/strong>: 200 milion\u016f HUF (d\u0159\u00edve 160 milion\u016f HUF v roce 2025)<\/li>\n<\/ul>\n\n\n\n<h2 class=\"wp-block-heading\"><strong>Povinnosti Intrastat reportingu v Ma\u010farsku<\/strong><\/h2>\n\n\n\n<p><strong>Spole\u010dnosti zapojen\u00e9 do obchodu se zbo\u017e\u00edm v r\u00e1mci Evropsk\u00e9 unie jsou povinny pod\u00e1vat m\u011bs\u00ed\u010dn\u00ed Intrastat prohl\u00e1\u0161en\u00ed<\/strong>, jakmile kumulativn\u00ed hodnota jejich intraunijn\u00edch tok\u016f p\u0159ekro\u010d\u00ed platn\u00e9 prahov\u00e9 hodnoty b\u011bhem 12m\u011bs\u00ed\u010dn\u00edho obdob\u00ed.<\/p>\n\n\n\n<p>Tato zm\u011bna je sou\u010d\u00e1st\u00ed \u0161ir\u0161\u00ed strategie Ma\u010farska <strong>zjednodu\u0161it statistick\u00e9 reportingov\u00e9 povinnosti p\u0159i zachov\u00e1n\u00ed spolehliv\u00e9ho dohledu nad intraunijn\u00edmi obchodn\u00edmi toky<\/strong>.<\/p>\n\n\n\n<div class=\"wp-block-essential-blocks-call-to-action  root-eb-call-to-action-cnjzf\"><div class=\"eb-parent-wrapper eb-parent-eb-call-to-action-cnjzf \"><div class=\"eb-cia-wrapper eb-call-to-action-cnjzf\" data-icon=\"far fa-handshake\"><div class=\"eb-cia-text-wrapper\"><i class=\"far fa-handshake eb-cia-icon\" icon=\"far fa-handshake\"><\/i><h3 class=\"eb-cia-title\"><strong>P\u0159ekro\u010dena prahov\u00e1 hodnota? Zjednodu\u0161te si pln\u011bn\u00ed Intrastat povinnost\u00ed<\/strong>!<\/h3><p class=\"eb-cia-description\">Na\u0161i odborn\u00edci v\u00e1m mohou pomoci s <a href=\"https:\/\/asdgroupcustoms.com\/intrastat-reporting-management\/\">\u0159\u00edzen\u00edm va\u0161ich Intrastat povinnost\u00ed<\/a> snadno a p\u0159esn\u011b.<\/p><\/div><div class=\"eb-cia-button-wrapper\"><a href=\"https:\/\/asdgroupcustoms.com\/cz\/kontakt\/\" target=\"_self\" rel=\"noopener\"><div class=\"eb-cia-button is-large\"><strong>Kontaktujte n\u00e1s dnes ><\/strong><\/div><\/a><\/div><\/div><\/div><\/div>\n\n\n\n<p>Zdroj: <a href=\"https:\/\/www.ksh.hu\/intrastat_eng\" target=\"_blank\" rel=\"noreferrer noopener\">Ma\u010farsk\u00fd centr\u00e1ln\u00ed statistick\u00fd \u00fa\u0159ad<\/a> (v angli\u010dtin\u011b)<\/p>\n\n\n\n<hr class=\"wp-block-separator has-alpha-channel-opacity\"\/>\n\n\n\n<div style=\"height:20px\" aria-hidden=\"true\" class=\"wp-block-spacer\"><\/div>\n\n\n\n<div class=\"wp-block-media-text is-vertically-aligned-top\" style=\"grid-template-columns:15% auto\"><figure class=\"wp-block-media-text__media\"><img decoding=\"async\" src=\"https:\/\/www.asd-int.com\/wp-content\/uploads\/2025\/12\/Noemie_Almot-CM-Medaillon-ASD-Group.png\" alt=\"\" class=\"wp-image-205439 size-full\"\/><\/figure><div class=\"wp-block-media-text__content\">\n<p><strong>No\u00e9mie Almot<\/strong><br><em>Community Manager a Redaktorka<\/em><\/p>\n\n\n\n<p class=\"has-small-font-size\">No\u00e9mie je specializovanou redaktorkou ve spole\u010dnosti ASD Group. Vytv\u00e1\u0159\u00ed a spravuje blogov\u00e9 \u010dl\u00e1nky i novinky na na\u0161ich webov\u00fdch str\u00e1nk\u00e1ch, se zam\u011b\u0159en\u00edm na DPH, mezin\u00e1rodn\u00ed dan\u011b, celn\u00ed operace, soci\u00e1ln\u00ed p\u0159edpisy a mezin\u00e1rodn\u00ed obchod. Sv\u00fdm jasn\u00fdm a vzd\u011bl\u00e1vac\u00edm stylem p\u00edsemnosti \u010din\u00ed slo\u017eit\u00e1 a technick\u00e1 t\u00e9mata snadno pochopiteln\u00e1 a relevantn\u00ed pro firmy.<\/p>\n\n\n\n<ul class=\"wp-block-social-links is-layout-flex wp-block-social-links-is-layout-flex\"><li class=\"wp-social-link wp-social-link-linkedin  wp-block-social-link\"><a rel=\"target=&quot;_blank&quot; noopener nofollow\" target=\"_blank\" href=\"https:\/\/www.linkedin.com\/in\/no%C3%A9mie-almot\/\" class=\"wp-block-social-link-anchor\"><svg width=\"24\" height=\"24\" viewBox=\"0 0 24 24\" version=\"1.1\" xmlns=\"http:\/\/www.w3.org\/2000\/svg\" aria-hidden=\"true\" focusable=\"false\"><path d=\"M19.7,3H4.3C3.582,3,3,3.582,3,4.3v15.4C3,20.418,3.582,21,4.3,21h15.4c0.718,0,1.3-0.582,1.3-1.3V4.3 C21,3.582,20.418,3,19.7,3z M8.339,18.338H5.667v-8.59h2.672V18.338z M7.004,8.574c-0.857,0-1.549-0.694-1.549-1.548 c0-0.855,0.691-1.548,1.549-1.548c0.854,0,1.547,0.694,1.547,1.548C8.551,7.881,7.858,8.574,7.004,8.574z M18.339,18.338h-2.669 v-4.177c0-0.996-0.017-2.278-1.387-2.278c-1.389,0-1.601,1.086-1.601,2.206v4.249h-2.667v-8.59h2.559v1.174h0.037 c0.356-0.675,1.227-1.387,2.526-1.387c2.703,0,3.203,1.779,3.203,4.092V18.338z\"><\/path><\/svg><span class=\"wp-block-social-link-label screen-reader-text\">LinkedIn<\/span><\/a><\/li><\/ul>\n<\/div><\/div>\n","protected":false},"excerpt":{"rendered":"<p>Ma\u010farsk\u00e9 \u00fa\u0159ady potvrdily zv\u00fd\u0161en\u00ed prahov\u00fdch hodnot pro Intrastat reporting pro kalend\u00e1\u0159n\u00ed rok 2026. Tato aktualizace m\u00e1 za c\u00edl sn\u00ed\u017eit administrativn\u00ed z\u00e1t\u011b\u017e pro podniky, zejm\u00e9na pro mal\u00e9 a st\u0159edn\u00ed podniky, omezen\u00edm po\u010dtu spole\u010dnost\u00ed podl\u00e9haj\u00edc\u00edch statistick\u00fdm reportingov\u00fdm povinnostem v r\u00e1mci EU. Nov\u00e9 prahov\u00e9 hodnoty platn\u00e9 od 1. ledna 2026 K 1. lednu 2026 budou prahov\u00e9 hodnoty Intrastatu [&hellip;]<\/p>\n","protected":false},"author":2,"featured_media":209328,"menu_order":0,"template":"","format":"standard","meta":{"_eb_attr":"","footnotes":""},"categories":[],"tags":[],"country":[],"class_list":["post-209334","actualite","type-actualite","status-publish","format-standard","has-post-thumbnail","hentry"],"yoast_head":"<!-- This site is optimized with the Yoast SEO plugin v27.4 - https:\/\/yoast.com\/product\/yoast-seo-wordpress\/ -->\n<title>Ma\u010farsko: Prahy Intrastatu zv\u00fd\u0161eny pro rok 2026 | ASD Group Customs<\/title>\n<meta name=\"description\" content=\"Od roku 2026 Ma\u010farsko aktualizuje prahov\u00e9 hodnoty Intrastatu pro p\u0159\u00edjmy a expedice. Zjist\u011bte, zda je va\u0161e spole\u010dnost st\u00e1le povinna pod\u00e1vat prohl\u00e1\u0161en\u00ed.\" \/>\n<meta name=\"robots\" content=\"index, follow, max-snippet:-1, max-image-preview:large, max-video-preview:-1\" \/>\n<link rel=\"canonical\" href=\"https:\/\/asdgroupcustoms.com\/cz\/madarsko-prahy-intrastatu-zvyseny-pro-rok-2026\/\" \/>\n<meta property=\"og:locale\" content=\"cs_CZ\" \/>\n<meta property=\"og:type\" content=\"article\" \/>\n<meta property=\"og:title\" content=\"Ma\u010farsko: Prahy Intrastatu zv\u00fd\u0161eny pro rok 2026 | ASD Group Customs\" \/>\n<meta property=\"og:description\" content=\"Od roku 2026 Ma\u010farsko aktualizuje prahov\u00e9 hodnoty Intrastatu pro p\u0159\u00edjmy a expedice. Zjist\u011bte, zda je va\u0161e spole\u010dnost st\u00e1le povinna pod\u00e1vat prohl\u00e1\u0161en\u00ed.\" \/>\n<meta property=\"og:url\" content=\"https:\/\/asdgroupcustoms.com\/cz\/madarsko-prahy-intrastatu-zvyseny-pro-rok-2026\/\" \/>\n<meta property=\"og:site_name\" content=\"ASD Group Customs\" \/>\n<meta property=\"article:publisher\" content=\"https:\/\/www.facebook.com\/asdgroupcustoms\" \/>\n<meta property=\"article:modified_time\" content=\"2026-04-16T12:42:35+00:00\" \/>\n<meta property=\"og:image\" content=\"https:\/\/asdgroupcustoms.com\/wp-content\/uploads\/2026\/03\/hungary-intrastat-thresholds-increased-for-2026.jpg\" \/>\n\t<meta property=\"og:image:width\" content=\"1440\" \/>\n\t<meta property=\"og:image:height\" content=\"960\" \/>\n\t<meta property=\"og:image:type\" content=\"image\/jpeg\" \/>\n<meta name=\"twitter:card\" content=\"summary_large_image\" \/>\n<meta name=\"twitter:label1\" content=\"Odhadovan\u00e1 doba \u010dten\u00ed\" \/>\n\t<meta name=\"twitter:data1\" content=\"1 minuta\" \/>\n<script type=\"application\/ld+json\" class=\"yoast-schema-graph\">{\"@context\":\"https:\\\/\\\/schema.org\",\"@graph\":[{\"@type\":\"WebPage\",\"@id\":\"https:\\\/\\\/asdgroupcustoms.com\\\/cz\\\/madarsko-prahy-intrastatu-zvyseny-pro-rok-2026\\\/\",\"url\":\"https:\\\/\\\/asdgroupcustoms.com\\\/cz\\\/madarsko-prahy-intrastatu-zvyseny-pro-rok-2026\\\/\",\"name\":\"Ma\u010farsko: Prahy Intrastatu zv\u00fd\u0161eny pro rok 2026 | ASD Group Customs\",\"isPartOf\":{\"@id\":\"https:\\\/\\\/asdgroupcustoms.com\\\/cz\\\/#website\"},\"primaryImageOfPage\":{\"@id\":\"https:\\\/\\\/asdgroupcustoms.com\\\/cz\\\/madarsko-prahy-intrastatu-zvyseny-pro-rok-2026\\\/#primaryimage\"},\"image\":{\"@id\":\"https:\\\/\\\/asdgroupcustoms.com\\\/cz\\\/madarsko-prahy-intrastatu-zvyseny-pro-rok-2026\\\/#primaryimage\"},\"thumbnailUrl\":\"https:\\\/\\\/asdgroupcustoms.com\\\/wp-content\\\/uploads\\\/2026\\\/03\\\/hungary-intrastat-thresholds-increased-for-2026.jpg\",\"datePublished\":\"2026-03-30T11:44:00+00:00\",\"dateModified\":\"2026-04-16T12:42:35+00:00\",\"description\":\"Od roku 2026 Ma\u010farsko aktualizuje prahov\u00e9 hodnoty Intrastatu pro p\u0159\u00edjmy a expedice. Zjist\u011bte, zda je va\u0161e spole\u010dnost st\u00e1le povinna pod\u00e1vat prohl\u00e1\u0161en\u00ed.\",\"breadcrumb\":{\"@id\":\"https:\\\/\\\/asdgroupcustoms.com\\\/cz\\\/madarsko-prahy-intrastatu-zvyseny-pro-rok-2026\\\/#breadcrumb\"},\"inLanguage\":\"cs\",\"potentialAction\":[{\"@type\":\"ReadAction\",\"target\":[\"https:\\\/\\\/asdgroupcustoms.com\\\/cz\\\/madarsko-prahy-intrastatu-zvyseny-pro-rok-2026\\\/\"]}]},{\"@type\":\"ImageObject\",\"inLanguage\":\"cs\",\"@id\":\"https:\\\/\\\/asdgroupcustoms.com\\\/cz\\\/madarsko-prahy-intrastatu-zvyseny-pro-rok-2026\\\/#primaryimage\",\"url\":\"https:\\\/\\\/asdgroupcustoms.com\\\/wp-content\\\/uploads\\\/2026\\\/03\\\/hungary-intrastat-thresholds-increased-for-2026.jpg\",\"contentUrl\":\"https:\\\/\\\/asdgroupcustoms.com\\\/wp-content\\\/uploads\\\/2026\\\/03\\\/hungary-intrastat-thresholds-increased-for-2026.jpg\",\"width\":1440,\"height\":960,\"caption\":\"Ma\u010farsko: Prahy Intrastatu zv\u00fd\u0161eny pro rok 2026\"},{\"@type\":\"BreadcrumbList\",\"@id\":\"https:\\\/\\\/asdgroupcustoms.com\\\/cz\\\/madarsko-prahy-intrastatu-zvyseny-pro-rok-2026\\\/#breadcrumb\",\"itemListElement\":[{\"@type\":\"ListItem\",\"position\":1,\"name\":\"Accueil\",\"item\":\"https:\\\/\\\/asdgroupcustoms.com\\\/cz\\\/\"},{\"@type\":\"ListItem\",\"position\":2,\"name\":\"Ma\u010farsko: Prahy Intrastatu zv\u00fd\u0161eny pro rok 2026\"}]},{\"@type\":\"WebSite\",\"@id\":\"https:\\\/\\\/asdgroupcustoms.com\\\/cz\\\/#website\",\"url\":\"https:\\\/\\\/asdgroupcustoms.com\\\/cz\\\/\",\"name\":\"ASD Group Customs\",\"description\":\"\",\"publisher\":{\"@id\":\"https:\\\/\\\/asdgroupcustoms.com\\\/cz\\\/#organization\"},\"alternateName\":\"ASD Group Customs\",\"potentialAction\":[{\"@type\":\"SearchAction\",\"target\":{\"@type\":\"EntryPoint\",\"urlTemplate\":\"https:\\\/\\\/asdgroupcustoms.com\\\/cz\\\/?s={search_term_string}\"},\"query-input\":{\"@type\":\"PropertyValueSpecification\",\"valueRequired\":true,\"valueName\":\"search_term_string\"}}],\"inLanguage\":\"cs\"},{\"@type\":\"Organization\",\"@id\":\"https:\\\/\\\/asdgroupcustoms.com\\\/cz\\\/#organization\",\"name\":\"ASD Group Customs\",\"alternateName\":\"ASD Group Customs\",\"url\":\"https:\\\/\\\/asdgroupcustoms.com\\\/cz\\\/\",\"logo\":{\"@type\":\"ImageObject\",\"inLanguage\":\"cs\",\"@id\":\"https:\\\/\\\/asdgroupcustoms.com\\\/cz\\\/#\\\/schema\\\/logo\\\/image\\\/\",\"url\":\"https:\\\/\\\/asdgroupcustoms.com\\\/wp-content\\\/uploads\\\/2025\\\/04\\\/Logo-ASD_noir.svg\",\"contentUrl\":\"https:\\\/\\\/asdgroupcustoms.com\\\/wp-content\\\/uploads\\\/2025\\\/04\\\/Logo-ASD_noir.svg\",\"width\":253,\"height\":172,\"caption\":\"ASD Group Customs\"},\"image\":{\"@id\":\"https:\\\/\\\/asdgroupcustoms.com\\\/cz\\\/#\\\/schema\\\/logo\\\/image\\\/\"},\"sameAs\":[\"https:\\\/\\\/www.facebook.com\\\/asdgroupcustoms\",\"https:\\\/\\\/www.linkedin.com\\\/showcase\\\/asd-group-customs\\\/\"]}]}<\/script>\n<!-- \/ Yoast SEO plugin. -->","yoast_head_json":{"title":"Ma\u010farsko: Prahy Intrastatu zv\u00fd\u0161eny pro rok 2026 | ASD Group Customs","description":"Od roku 2026 Ma\u010farsko aktualizuje prahov\u00e9 hodnoty Intrastatu pro p\u0159\u00edjmy a expedice. Zjist\u011bte, zda je va\u0161e spole\u010dnost st\u00e1le povinna pod\u00e1vat prohl\u00e1\u0161en\u00ed.","robots":{"index":"index","follow":"follow","max-snippet":"max-snippet:-1","max-image-preview":"max-image-preview:large","max-video-preview":"max-video-preview:-1"},"canonical":"https:\/\/asdgroupcustoms.com\/cz\/madarsko-prahy-intrastatu-zvyseny-pro-rok-2026\/","og_locale":"cs_CZ","og_type":"article","og_title":"Ma\u010farsko: Prahy Intrastatu zv\u00fd\u0161eny pro rok 2026 | ASD Group Customs","og_description":"Od roku 2026 Ma\u010farsko aktualizuje prahov\u00e9 hodnoty Intrastatu pro p\u0159\u00edjmy a expedice. Zjist\u011bte, zda je va\u0161e spole\u010dnost st\u00e1le povinna pod\u00e1vat prohl\u00e1\u0161en\u00ed.","og_url":"https:\/\/asdgroupcustoms.com\/cz\/madarsko-prahy-intrastatu-zvyseny-pro-rok-2026\/","og_site_name":"ASD Group Customs","article_publisher":"https:\/\/www.facebook.com\/asdgroupcustoms","article_modified_time":"2026-04-16T12:42:35+00:00","og_image":[{"width":1440,"height":960,"url":"https:\/\/asdgroupcustoms.com\/wp-content\/uploads\/2026\/03\/hungary-intrastat-thresholds-increased-for-2026.jpg","type":"image\/jpeg"}],"twitter_card":"summary_large_image","twitter_misc":{"Odhadovan\u00e1 doba \u010dten\u00ed":"1 minuta"},"schema":{"@context":"https:\/\/schema.org","@graph":[{"@type":"WebPage","@id":"https:\/\/asdgroupcustoms.com\/cz\/madarsko-prahy-intrastatu-zvyseny-pro-rok-2026\/","url":"https:\/\/asdgroupcustoms.com\/cz\/madarsko-prahy-intrastatu-zvyseny-pro-rok-2026\/","name":"Ma\u010farsko: Prahy Intrastatu zv\u00fd\u0161eny pro rok 2026 | ASD Group Customs","isPartOf":{"@id":"https:\/\/asdgroupcustoms.com\/cz\/#website"},"primaryImageOfPage":{"@id":"https:\/\/asdgroupcustoms.com\/cz\/madarsko-prahy-intrastatu-zvyseny-pro-rok-2026\/#primaryimage"},"image":{"@id":"https:\/\/asdgroupcustoms.com\/cz\/madarsko-prahy-intrastatu-zvyseny-pro-rok-2026\/#primaryimage"},"thumbnailUrl":"https:\/\/asdgroupcustoms.com\/wp-content\/uploads\/2026\/03\/hungary-intrastat-thresholds-increased-for-2026.jpg","datePublished":"2026-03-30T11:44:00+00:00","dateModified":"2026-04-16T12:42:35+00:00","description":"Od roku 2026 Ma\u010farsko aktualizuje prahov\u00e9 hodnoty Intrastatu pro p\u0159\u00edjmy a expedice. Zjist\u011bte, zda je va\u0161e spole\u010dnost st\u00e1le povinna pod\u00e1vat prohl\u00e1\u0161en\u00ed.","breadcrumb":{"@id":"https:\/\/asdgroupcustoms.com\/cz\/madarsko-prahy-intrastatu-zvyseny-pro-rok-2026\/#breadcrumb"},"inLanguage":"cs","potentialAction":[{"@type":"ReadAction","target":["https:\/\/asdgroupcustoms.com\/cz\/madarsko-prahy-intrastatu-zvyseny-pro-rok-2026\/"]}]},{"@type":"ImageObject","inLanguage":"cs","@id":"https:\/\/asdgroupcustoms.com\/cz\/madarsko-prahy-intrastatu-zvyseny-pro-rok-2026\/#primaryimage","url":"https:\/\/asdgroupcustoms.com\/wp-content\/uploads\/2026\/03\/hungary-intrastat-thresholds-increased-for-2026.jpg","contentUrl":"https:\/\/asdgroupcustoms.com\/wp-content\/uploads\/2026\/03\/hungary-intrastat-thresholds-increased-for-2026.jpg","width":1440,"height":960,"caption":"Ma\u010farsko: Prahy Intrastatu zv\u00fd\u0161eny pro rok 2026"},{"@type":"BreadcrumbList","@id":"https:\/\/asdgroupcustoms.com\/cz\/madarsko-prahy-intrastatu-zvyseny-pro-rok-2026\/#breadcrumb","itemListElement":[{"@type":"ListItem","position":1,"name":"Accueil","item":"https:\/\/asdgroupcustoms.com\/cz\/"},{"@type":"ListItem","position":2,"name":"Ma\u010farsko: Prahy Intrastatu zv\u00fd\u0161eny pro rok 2026"}]},{"@type":"WebSite","@id":"https:\/\/asdgroupcustoms.com\/cz\/#website","url":"https:\/\/asdgroupcustoms.com\/cz\/","name":"ASD Group Customs","description":"","publisher":{"@id":"https:\/\/asdgroupcustoms.com\/cz\/#organization"},"alternateName":"ASD Group Customs","potentialAction":[{"@type":"SearchAction","target":{"@type":"EntryPoint","urlTemplate":"https:\/\/asdgroupcustoms.com\/cz\/?s={search_term_string}"},"query-input":{"@type":"PropertyValueSpecification","valueRequired":true,"valueName":"search_term_string"}}],"inLanguage":"cs"},{"@type":"Organization","@id":"https:\/\/asdgroupcustoms.com\/cz\/#organization","name":"ASD Group Customs","alternateName":"ASD Group Customs","url":"https:\/\/asdgroupcustoms.com\/cz\/","logo":{"@type":"ImageObject","inLanguage":"cs","@id":"https:\/\/asdgroupcustoms.com\/cz\/#\/schema\/logo\/image\/","url":"https:\/\/asdgroupcustoms.com\/wp-content\/uploads\/2025\/04\/Logo-ASD_noir.svg","contentUrl":"https:\/\/asdgroupcustoms.com\/wp-content\/uploads\/2025\/04\/Logo-ASD_noir.svg","width":253,"height":172,"caption":"ASD Group Customs"},"image":{"@id":"https:\/\/asdgroupcustoms.com\/cz\/#\/schema\/logo\/image\/"},"sameAs":["https:\/\/www.facebook.com\/asdgroupcustoms","https:\/\/www.linkedin.com\/showcase\/asd-group-customs\/"]}]}},"_links":{"self":[{"href":"https:\/\/asdgroupcustoms.com\/cz\/wp-json\/wp\/v2\/actualite\/209334","targetHints":{"allow":["GET"]}}],"collection":[{"href":"https:\/\/asdgroupcustoms.com\/cz\/wp-json\/wp\/v2\/actualite"}],"about":[{"href":"https:\/\/asdgroupcustoms.com\/cz\/wp-json\/wp\/v2\/types\/actualite"}],"author":[{"embeddable":true,"href":"https:\/\/asdgroupcustoms.com\/cz\/wp-json\/wp\/v2\/users\/2"}],"version-history":[{"count":4,"href":"https:\/\/asdgroupcustoms.com\/cz\/wp-json\/wp\/v2\/actualite\/209334\/revisions"}],"predecessor-version":[{"id":209379,"href":"https:\/\/asdgroupcustoms.com\/cz\/wp-json\/wp\/v2\/actualite\/209334\/revisions\/209379"}],"wp:featuredmedia":[{"embeddable":true,"href":"https:\/\/asdgroupcustoms.com\/cz\/wp-json\/wp\/v2\/media\/209328"}],"wp:attachment":[{"href":"https:\/\/asdgroupcustoms.com\/cz\/wp-json\/wp\/v2\/media?parent=209334"}],"wp:term":[{"taxonomy":"category","embeddable":true,"href":"https:\/\/asdgroupcustoms.com\/cz\/wp-json\/wp\/v2\/categories?post=209334"},{"taxonomy":"post_tag","embeddable":true,"href":"https:\/\/asdgroupcustoms.com\/cz\/wp-json\/wp\/v2\/tags?post=209334"},{"taxonomy":"country","embeddable":true,"href":"https:\/\/asdgroupcustoms.com\/cz\/wp-json\/wp\/v2\/country?post=209334"}],"curies":[{"name":"wp","href":"https:\/\/api.w.org\/{rel}","templated":true}]}}