{"id":209137,"date":"2026-03-30T09:38:00","date_gmt":"2026-03-30T07:38:00","guid":{"rendered":"https:\/\/asdgroupcustoms.com\/?post_type=actualite&#038;p=209137"},"modified":"2026-04-15T10:21:54","modified_gmt":"2026-04-15T08:21:54","slug":"slowenien-aktualisierte-intrastat-meldeschwellen-fur-2026","status":"publish","type":"actualite","link":"https:\/\/asdgroupcustoms.com\/de\/slowenien-aktualisierte-intrastat-meldeschwellen-fur-2026\/","title":{"rendered":"Slowenien: Aktualisierte Intrastat-Meldeschwellen f\u00fcr 2026"},"content":{"rendered":"\n<p><strong>Slowenien passt sein Intrastat-System f\u00fcr 2026 an<\/strong>, mit <a href=\"https:\/\/asdgroupcustoms.com\/de\/intrastat-und-emebi-schwellenwerte-2026-in-der-eu\/\">neuen Schwellenwerten, die die Meldepflichten f\u00fcr Unternehmen, die Waren innerhalb der Europ\u00e4ischen Union handeln, neu definieren werden<\/a>. Die vom <em>Statistischen Amt der Republik Slowenien<\/em> ver\u00f6ffentlichte Mitteilung best\u00e4tigt, dass diese \u00c4nderungen am 1. Januar 2026 in Kraft treten.<\/p>\n\n\n\n<p>Ab diesem Datum m\u00fcssen Unternehmen die folgenden j\u00e4hrlichen Schwellenwerte \u00fcber einen rollierenden Zeitraum von 12 Monaten \u00fcberwachen: <\/p>\n\n\n\n<ul class=\"wp-block-list\">\n<li>300.000 EUR f\u00fcr Eing\u00e4nge (zuvor 240.000 EUR),<\/li>\n\n\n\n<li>und 280.000 EUR f\u00fcr Versendungen (zuvor 270.000 EUR).<\/li>\n<\/ul>\n\n\n\n<p>Diese Anpassungen sind nicht nur technische Aktualisierungen, sie k\u00f6nnen Ihren Meldepflicht-Status erheblich beeinflussen. Einige Unternehmen <strong>m\u00fcssen m\u00f6glicherweise keine Intrastat-Meldungen mehr abgeben<\/strong>, w\u00e4hrend andere <strong>erstmals meldepflichtig<\/strong> werden k\u00f6nnten.<\/p>\n\n\n\n<p>F\u00fcr Unternehmen, die am <strong>innergemeinschaftlichen Warenverkehr<\/strong> beteiligt sind, ist es essenziell, die neuen Grenzwerte genau im Auge zu behalten. Wer die \u00c4nderungen der Meldepflichten nicht rechtzeitig ber\u00fccksichtigt, riskiert die Nichteinhaltung statistischer Vorgaben.<\/p>\n\n\n\n<p>Im Jahr 2026 ist die \u00dcberpr\u00fcfung Ihrer Warenstr\u00f6me und die Vorbereitung auf m\u00f6gliche \u00c4nderungen Ihrer Intrastat-Pflichten ein wichtiger Schritt. Sollten Ihre Transaktionen die neuen Schwellenwerte \u00fcberschreiten, erm\u00f6glicht eine fr\u00fchzeitige Einrichtung oder Anpassung Ihrer Meldeprozesse einen reibungslosen \u00dcbergang.<\/p>\n\n\n\n<div class=\"wp-block-essential-blocks-call-to-action  root-eb-call-to-action-g3ckf\"><div class=\"eb-parent-wrapper eb-parent-eb-call-to-action-g3ckf \"><div class=\"eb-cia-wrapper eb-call-to-action-g3ckf\" data-icon=\"far fa-comment-dots\"><div class=\"eb-cia-text-wrapper\"><i class=\"far fa-comment-dots eb-cia-icon\" icon=\"far fa-comment-dots\"><\/i><h3 class=\"eb-cia-title\"><a href=\"https:\/\/asdgroupcustoms.com\/de\/intrastat-meldemanagement\/\">Ben\u00f6tigen Sie Unterst\u00fctzung bei Ihren Intrastat-Meldungen?<\/a><\/h3><p class=\"eb-cia-description\">Wir helfen Ihnen, compliant zu bleiben und Ihre Meldeverfahren gleichzeitig zu vereinfachen.<\/p><\/div><div class=\"eb-cia-button-wrapper\"><a href=\"https:\/\/asdgroupcustoms.com\/de\/kontakt\/\" target=\"_self\" rel=\"noopener\"><div class=\"eb-cia-button is-large\">Kontaktieren Sie jetzt unsere Spezialisten ><\/div><\/a><\/div><\/div><\/div><\/div>\n\n\n\n<p>Quelle: <a href=\"https:\/\/www.stat.si\/StatWeb\/File\/DocSysFile\/14580\/INTRASTAT_GUIDE_2026.pdf\" target=\"_blank\" rel=\"noreferrer noopener\">stat.si<\/a> (PDF auf Englisch)<\/p>\n\n\n\n<hr class=\"wp-block-separator has-alpha-channel-opacity\"\/>\n\n\n\n<div style=\"height:20px\" aria-hidden=\"true\" class=\"wp-block-spacer\"><\/div>\n\n\n\n<div class=\"wp-block-media-text is-vertically-aligned-top\" style=\"grid-template-columns:15% auto\"><figure class=\"wp-block-media-text__media\"><img decoding=\"async\" src=\"https:\/\/www.asd-int.com\/wp-content\/uploads\/2025\/12\/Noemie_Almot-CM-Medaillon-ASD-Group.png\" alt=\"\" class=\"wp-image-205439 size-full\"\/><\/figure><div class=\"wp-block-media-text__content\">\n<p><strong>No\u00e9mie Almot<\/strong><br><em>Community Managerin &amp; Redakteurin<\/em><\/p>\n\n\n\n<p class=\"has-small-font-size\">No\u00e9mie ist spezialisierte Redakteurin bei ASD Group. Sie erstellt und betreut Blogartikel sowie News auf unseren Websites, mit Schwerpunkt auf Mehrwertsteuer, internationalen Steuern, Zollvorg\u00e4ngen, Arbeitsrecht und internationalem Handel. Mit ihrem klaren und lehrreichen Schreibstil macht sie komplexe und technische Themen f\u00fcr Unternehmen leicht verst\u00e4ndlich und relevant.<\/p>\n\n\n\n<ul class=\"wp-block-social-links is-layout-flex wp-block-social-links-is-layout-flex\"><li class=\"wp-social-link wp-social-link-linkedin  wp-block-social-link\"><a rel=\"target=&quot;_blank&quot; noopener nofollow\" target=\"_blank\" href=\"https:\/\/www.linkedin.com\/in\/no%C3%A9mie-almot\/\" class=\"wp-block-social-link-anchor\"><svg width=\"24\" height=\"24\" viewBox=\"0 0 24 24\" version=\"1.1\" xmlns=\"http:\/\/www.w3.org\/2000\/svg\" aria-hidden=\"true\" focusable=\"false\"><path d=\"M19.7,3H4.3C3.582,3,3,3.582,3,4.3v15.4C3,20.418,3.582,21,4.3,21h15.4c0.718,0,1.3-0.582,1.3-1.3V4.3 C21,3.582,20.418,3,19.7,3z M8.339,18.338H5.667v-8.59h2.672V18.338z M7.004,8.574c-0.857,0-1.549-0.694-1.549-1.548 c0-0.855,0.691-1.548,1.549-1.548c0.854,0,1.547,0.694,1.547,1.548C8.551,7.881,7.858,8.574,7.004,8.574z M18.339,18.338h-2.669 v-4.177c0-0.996-0.017-2.278-1.387-2.278c-1.389,0-1.601,1.086-1.601,2.206v4.249h-2.667v-8.59h2.559v1.174h0.037 c0.356-0.675,1.227-1.387,2.526-1.387c2.703,0,3.203,1.779,3.203,4.092V18.338z\"><\/path><\/svg><span class=\"wp-block-social-link-label screen-reader-text\">LinkedIn<\/span><\/a><\/li><\/ul>\n<\/div><\/div>\n","protected":false},"excerpt":{"rendered":"<p>Slowenien passt sein Intrastat-System f\u00fcr 2026 an, mit neuen Schwellenwerten, die die Meldepflichten f\u00fcr Unternehmen, die Waren innerhalb der Europ\u00e4ischen Union handeln, neu definieren werden. Die vom Statistischen Amt der Republik Slowenien ver\u00f6ffentlichte Mitteilung best\u00e4tigt, dass diese \u00c4nderungen am 1. Januar 2026 in Kraft treten. Ab diesem Datum m\u00fcssen Unternehmen die folgenden j\u00e4hrlichen Schwellenwerte \u00fcber [&hellip;]<\/p>\n","protected":false},"author":2,"featured_media":209136,"menu_order":0,"template":"","format":"standard","meta":{"_eb_attr":"","footnotes":""},"categories":[46,107],"tags":[54,742,608,55],"country":[428],"class_list":["post-209137","actualite","type-actualite","status-publish","format-standard","has-post-thumbnail","hentry","category-customs-en","category-zoll","tag-intrastat-en","tag-intrastat-de","tag-intrastat-schwellenwerte","tag-intrastat-thresholds","country-slovenie-de"],"yoast_head":"<!-- This site is optimized with the Yoast SEO plugin v27.4 - https:\/\/yoast.com\/product\/yoast-seo-wordpress\/ -->\n<title>Slowenien: Aktualisierte Intrastat-Meldeschwellen f\u00fcr 2026 | ASD Group Customs<\/title>\n<meta name=\"description\" content=\"Slowenien passt seine Intrastat-Schwellenwerte f\u00fcr 2026 an. Erfahren Sie mehr \u00fcber die neuen Grenzwerte und deren Auswirkungen auf Ihre Meldepflichten.\" \/>\n<meta name=\"robots\" content=\"index, follow, max-snippet:-1, max-image-preview:large, max-video-preview:-1\" \/>\n<link rel=\"canonical\" href=\"https:\/\/asdgroupcustoms.com\/de\/slowenien-aktualisierte-intrastat-meldeschwellen-fur-2026\/\" \/>\n<meta property=\"og:locale\" content=\"de_DE\" \/>\n<meta property=\"og:type\" content=\"article\" \/>\n<meta property=\"og:title\" content=\"Slowenien: Aktualisierte Intrastat-Meldeschwellen f\u00fcr 2026 | ASD Group Customs\" \/>\n<meta property=\"og:description\" content=\"Slowenien passt seine Intrastat-Schwellenwerte f\u00fcr 2026 an. Erfahren Sie mehr \u00fcber die neuen Grenzwerte und deren Auswirkungen auf Ihre Meldepflichten.\" \/>\n<meta property=\"og:url\" content=\"https:\/\/asdgroupcustoms.com\/de\/slowenien-aktualisierte-intrastat-meldeschwellen-fur-2026\/\" \/>\n<meta property=\"og:site_name\" content=\"ASD Group Customs\" \/>\n<meta property=\"article:publisher\" content=\"https:\/\/www.facebook.com\/asdgroupcustoms\" \/>\n<meta property=\"article:modified_time\" content=\"2026-04-15T08:21:54+00:00\" \/>\n<meta property=\"og:image\" content=\"https:\/\/asdgroupcustoms.com\/wp-content\/uploads\/2026\/03\/slovenia-2026-intrastat-reporting-thresholds-updated.jpg\" \/>\n\t<meta property=\"og:image:width\" content=\"1440\" \/>\n\t<meta property=\"og:image:height\" content=\"608\" \/>\n\t<meta property=\"og:image:type\" content=\"image\/jpeg\" \/>\n<meta name=\"twitter:card\" content=\"summary_large_image\" \/>\n<meta name=\"twitter:label1\" content=\"Gesch\u00e4tzte Lesezeit\" \/>\n\t<meta name=\"twitter:data1\" content=\"2\u00a0Minuten\" \/>\n<script type=\"application\/ld+json\" class=\"yoast-schema-graph\">{\"@context\":\"https:\\\/\\\/schema.org\",\"@graph\":[{\"@type\":\"WebPage\",\"@id\":\"https:\\\/\\\/asdgroupcustoms.com\\\/de\\\/slowenien-aktualisierte-intrastat-meldeschwellen-fur-2026\\\/\",\"url\":\"https:\\\/\\\/asdgroupcustoms.com\\\/de\\\/slowenien-aktualisierte-intrastat-meldeschwellen-fur-2026\\\/\",\"name\":\"Slowenien: Aktualisierte Intrastat-Meldeschwellen f\u00fcr 2026 | ASD Group Customs\",\"isPartOf\":{\"@id\":\"https:\\\/\\\/asdgroupcustoms.com\\\/de\\\/#website\"},\"primaryImageOfPage\":{\"@id\":\"https:\\\/\\\/asdgroupcustoms.com\\\/de\\\/slowenien-aktualisierte-intrastat-meldeschwellen-fur-2026\\\/#primaryimage\"},\"image\":{\"@id\":\"https:\\\/\\\/asdgroupcustoms.com\\\/de\\\/slowenien-aktualisierte-intrastat-meldeschwellen-fur-2026\\\/#primaryimage\"},\"thumbnailUrl\":\"https:\\\/\\\/asdgroupcustoms.com\\\/wp-content\\\/uploads\\\/2026\\\/03\\\/slovenia-2026-intrastat-reporting-thresholds-updated.jpg\",\"datePublished\":\"2026-03-30T07:38:00+00:00\",\"dateModified\":\"2026-04-15T08:21:54+00:00\",\"description\":\"Slowenien passt seine Intrastat-Schwellenwerte f\u00fcr 2026 an. Erfahren Sie mehr \u00fcber die neuen Grenzwerte und deren Auswirkungen auf Ihre Meldepflichten.\",\"breadcrumb\":{\"@id\":\"https:\\\/\\\/asdgroupcustoms.com\\\/de\\\/slowenien-aktualisierte-intrastat-meldeschwellen-fur-2026\\\/#breadcrumb\"},\"inLanguage\":\"de\",\"potentialAction\":[{\"@type\":\"ReadAction\",\"target\":[\"https:\\\/\\\/asdgroupcustoms.com\\\/de\\\/slowenien-aktualisierte-intrastat-meldeschwellen-fur-2026\\\/\"]}]},{\"@type\":\"ImageObject\",\"inLanguage\":\"de\",\"@id\":\"https:\\\/\\\/asdgroupcustoms.com\\\/de\\\/slowenien-aktualisierte-intrastat-meldeschwellen-fur-2026\\\/#primaryimage\",\"url\":\"https:\\\/\\\/asdgroupcustoms.com\\\/wp-content\\\/uploads\\\/2026\\\/03\\\/slovenia-2026-intrastat-reporting-thresholds-updated.jpg\",\"contentUrl\":\"https:\\\/\\\/asdgroupcustoms.com\\\/wp-content\\\/uploads\\\/2026\\\/03\\\/slovenia-2026-intrastat-reporting-thresholds-updated.jpg\",\"width\":1440,\"height\":608,\"caption\":\"Slowenien: Aktualisierte Intrastat-Meldeschwellen f\u00fcr 2026\"},{\"@type\":\"BreadcrumbList\",\"@id\":\"https:\\\/\\\/asdgroupcustoms.com\\\/de\\\/slowenien-aktualisierte-intrastat-meldeschwellen-fur-2026\\\/#breadcrumb\",\"itemListElement\":[{\"@type\":\"ListItem\",\"position\":1,\"name\":\"Accueil\",\"item\":\"https:\\\/\\\/asdgroupcustoms.com\\\/de\\\/\"},{\"@type\":\"ListItem\",\"position\":2,\"name\":\"Slowenien: Aktualisierte Intrastat-Meldeschwellen f\u00fcr 2026\"}]},{\"@type\":\"WebSite\",\"@id\":\"https:\\\/\\\/asdgroupcustoms.com\\\/de\\\/#website\",\"url\":\"https:\\\/\\\/asdgroupcustoms.com\\\/de\\\/\",\"name\":\"ASD Group Customs\",\"description\":\"\",\"publisher\":{\"@id\":\"https:\\\/\\\/asdgroupcustoms.com\\\/de\\\/#organization\"},\"alternateName\":\"ASD Group Customs\",\"potentialAction\":[{\"@type\":\"SearchAction\",\"target\":{\"@type\":\"EntryPoint\",\"urlTemplate\":\"https:\\\/\\\/asdgroupcustoms.com\\\/de\\\/?s={search_term_string}\"},\"query-input\":{\"@type\":\"PropertyValueSpecification\",\"valueRequired\":true,\"valueName\":\"search_term_string\"}}],\"inLanguage\":\"de\"},{\"@type\":\"Organization\",\"@id\":\"https:\\\/\\\/asdgroupcustoms.com\\\/de\\\/#organization\",\"name\":\"ASD Group Customs\",\"alternateName\":\"ASD Group Customs\",\"url\":\"https:\\\/\\\/asdgroupcustoms.com\\\/de\\\/\",\"logo\":{\"@type\":\"ImageObject\",\"inLanguage\":\"de\",\"@id\":\"https:\\\/\\\/asdgroupcustoms.com\\\/de\\\/#\\\/schema\\\/logo\\\/image\\\/\",\"url\":\"https:\\\/\\\/asdgroupcustoms.com\\\/wp-content\\\/uploads\\\/2025\\\/04\\\/Logo-ASD_noir.svg\",\"contentUrl\":\"https:\\\/\\\/asdgroupcustoms.com\\\/wp-content\\\/uploads\\\/2025\\\/04\\\/Logo-ASD_noir.svg\",\"width\":253,\"height\":172,\"caption\":\"ASD Group Customs\"},\"image\":{\"@id\":\"https:\\\/\\\/asdgroupcustoms.com\\\/de\\\/#\\\/schema\\\/logo\\\/image\\\/\"},\"sameAs\":[\"https:\\\/\\\/www.facebook.com\\\/asdgroupcustoms\",\"https:\\\/\\\/www.linkedin.com\\\/showcase\\\/asd-group-customs\\\/\"]}]}<\/script>\n<!-- \/ Yoast SEO plugin. -->","yoast_head_json":{"title":"Slowenien: Aktualisierte Intrastat-Meldeschwellen f\u00fcr 2026 | ASD Group Customs","description":"Slowenien passt seine Intrastat-Schwellenwerte f\u00fcr 2026 an. Erfahren Sie mehr \u00fcber die neuen Grenzwerte und deren Auswirkungen auf Ihre Meldepflichten.","robots":{"index":"index","follow":"follow","max-snippet":"max-snippet:-1","max-image-preview":"max-image-preview:large","max-video-preview":"max-video-preview:-1"},"canonical":"https:\/\/asdgroupcustoms.com\/de\/slowenien-aktualisierte-intrastat-meldeschwellen-fur-2026\/","og_locale":"de_DE","og_type":"article","og_title":"Slowenien: Aktualisierte Intrastat-Meldeschwellen f\u00fcr 2026 | ASD Group Customs","og_description":"Slowenien passt seine Intrastat-Schwellenwerte f\u00fcr 2026 an. Erfahren Sie mehr \u00fcber die neuen Grenzwerte und deren Auswirkungen auf Ihre Meldepflichten.","og_url":"https:\/\/asdgroupcustoms.com\/de\/slowenien-aktualisierte-intrastat-meldeschwellen-fur-2026\/","og_site_name":"ASD Group Customs","article_publisher":"https:\/\/www.facebook.com\/asdgroupcustoms","article_modified_time":"2026-04-15T08:21:54+00:00","og_image":[{"width":1440,"height":608,"url":"https:\/\/asdgroupcustoms.com\/wp-content\/uploads\/2026\/03\/slovenia-2026-intrastat-reporting-thresholds-updated.jpg","type":"image\/jpeg"}],"twitter_card":"summary_large_image","twitter_misc":{"Gesch\u00e4tzte Lesezeit":"2\u00a0Minuten"},"schema":{"@context":"https:\/\/schema.org","@graph":[{"@type":"WebPage","@id":"https:\/\/asdgroupcustoms.com\/de\/slowenien-aktualisierte-intrastat-meldeschwellen-fur-2026\/","url":"https:\/\/asdgroupcustoms.com\/de\/slowenien-aktualisierte-intrastat-meldeschwellen-fur-2026\/","name":"Slowenien: Aktualisierte Intrastat-Meldeschwellen f\u00fcr 2026 | ASD Group Customs","isPartOf":{"@id":"https:\/\/asdgroupcustoms.com\/de\/#website"},"primaryImageOfPage":{"@id":"https:\/\/asdgroupcustoms.com\/de\/slowenien-aktualisierte-intrastat-meldeschwellen-fur-2026\/#primaryimage"},"image":{"@id":"https:\/\/asdgroupcustoms.com\/de\/slowenien-aktualisierte-intrastat-meldeschwellen-fur-2026\/#primaryimage"},"thumbnailUrl":"https:\/\/asdgroupcustoms.com\/wp-content\/uploads\/2026\/03\/slovenia-2026-intrastat-reporting-thresholds-updated.jpg","datePublished":"2026-03-30T07:38:00+00:00","dateModified":"2026-04-15T08:21:54+00:00","description":"Slowenien passt seine Intrastat-Schwellenwerte f\u00fcr 2026 an. Erfahren Sie mehr \u00fcber die neuen Grenzwerte und deren Auswirkungen auf Ihre Meldepflichten.","breadcrumb":{"@id":"https:\/\/asdgroupcustoms.com\/de\/slowenien-aktualisierte-intrastat-meldeschwellen-fur-2026\/#breadcrumb"},"inLanguage":"de","potentialAction":[{"@type":"ReadAction","target":["https:\/\/asdgroupcustoms.com\/de\/slowenien-aktualisierte-intrastat-meldeschwellen-fur-2026\/"]}]},{"@type":"ImageObject","inLanguage":"de","@id":"https:\/\/asdgroupcustoms.com\/de\/slowenien-aktualisierte-intrastat-meldeschwellen-fur-2026\/#primaryimage","url":"https:\/\/asdgroupcustoms.com\/wp-content\/uploads\/2026\/03\/slovenia-2026-intrastat-reporting-thresholds-updated.jpg","contentUrl":"https:\/\/asdgroupcustoms.com\/wp-content\/uploads\/2026\/03\/slovenia-2026-intrastat-reporting-thresholds-updated.jpg","width":1440,"height":608,"caption":"Slowenien: Aktualisierte Intrastat-Meldeschwellen f\u00fcr 2026"},{"@type":"BreadcrumbList","@id":"https:\/\/asdgroupcustoms.com\/de\/slowenien-aktualisierte-intrastat-meldeschwellen-fur-2026\/#breadcrumb","itemListElement":[{"@type":"ListItem","position":1,"name":"Accueil","item":"https:\/\/asdgroupcustoms.com\/de\/"},{"@type":"ListItem","position":2,"name":"Slowenien: Aktualisierte Intrastat-Meldeschwellen f\u00fcr 2026"}]},{"@type":"WebSite","@id":"https:\/\/asdgroupcustoms.com\/de\/#website","url":"https:\/\/asdgroupcustoms.com\/de\/","name":"ASD Group Customs","description":"","publisher":{"@id":"https:\/\/asdgroupcustoms.com\/de\/#organization"},"alternateName":"ASD Group Customs","potentialAction":[{"@type":"SearchAction","target":{"@type":"EntryPoint","urlTemplate":"https:\/\/asdgroupcustoms.com\/de\/?s={search_term_string}"},"query-input":{"@type":"PropertyValueSpecification","valueRequired":true,"valueName":"search_term_string"}}],"inLanguage":"de"},{"@type":"Organization","@id":"https:\/\/asdgroupcustoms.com\/de\/#organization","name":"ASD Group Customs","alternateName":"ASD Group Customs","url":"https:\/\/asdgroupcustoms.com\/de\/","logo":{"@type":"ImageObject","inLanguage":"de","@id":"https:\/\/asdgroupcustoms.com\/de\/#\/schema\/logo\/image\/","url":"https:\/\/asdgroupcustoms.com\/wp-content\/uploads\/2025\/04\/Logo-ASD_noir.svg","contentUrl":"https:\/\/asdgroupcustoms.com\/wp-content\/uploads\/2025\/04\/Logo-ASD_noir.svg","width":253,"height":172,"caption":"ASD Group Customs"},"image":{"@id":"https:\/\/asdgroupcustoms.com\/de\/#\/schema\/logo\/image\/"},"sameAs":["https:\/\/www.facebook.com\/asdgroupcustoms","https:\/\/www.linkedin.com\/showcase\/asd-group-customs\/"]}]}},"_links":{"self":[{"href":"https:\/\/asdgroupcustoms.com\/de\/wp-json\/wp\/v2\/actualite\/209137","targetHints":{"allow":["GET"]}}],"collection":[{"href":"https:\/\/asdgroupcustoms.com\/de\/wp-json\/wp\/v2\/actualite"}],"about":[{"href":"https:\/\/asdgroupcustoms.com\/de\/wp-json\/wp\/v2\/types\/actualite"}],"author":[{"embeddable":true,"href":"https:\/\/asdgroupcustoms.com\/de\/wp-json\/wp\/v2\/users\/2"}],"version-history":[{"count":5,"href":"https:\/\/asdgroupcustoms.com\/de\/wp-json\/wp\/v2\/actualite\/209137\/revisions"}],"predecessor-version":[{"id":209198,"href":"https:\/\/asdgroupcustoms.com\/de\/wp-json\/wp\/v2\/actualite\/209137\/revisions\/209198"}],"wp:featuredmedia":[{"embeddable":true,"href":"https:\/\/asdgroupcustoms.com\/de\/wp-json\/wp\/v2\/media\/209136"}],"wp:attachment":[{"href":"https:\/\/asdgroupcustoms.com\/de\/wp-json\/wp\/v2\/media?parent=209137"}],"wp:term":[{"taxonomy":"category","embeddable":true,"href":"https:\/\/asdgroupcustoms.com\/de\/wp-json\/wp\/v2\/categories?post=209137"},{"taxonomy":"post_tag","embeddable":true,"href":"https:\/\/asdgroupcustoms.com\/de\/wp-json\/wp\/v2\/tags?post=209137"},{"taxonomy":"country","embeddable":true,"href":"https:\/\/asdgroupcustoms.com\/de\/wp-json\/wp\/v2\/country?post=209137"}],"curies":[{"name":"wp","href":"https:\/\/api.w.org\/{rel}","templated":true}]}}