{"id":209141,"date":"2026-03-30T09:38:00","date_gmt":"2026-03-30T07:38:00","guid":{"rendered":"https:\/\/asdgroupcustoms.com\/?post_type=actualite&#038;p=209141"},"modified":"2026-04-15T10:21:59","modified_gmt":"2026-04-15T08:21:59","slug":"slovenie-seuils-de-declaration-intrastat-mis-a-jour-pour-2026","status":"publish","type":"actualite","link":"https:\/\/asdgroupcustoms.com\/fr\/slovenie-seuils-de-declaration-intrastat-mis-a-jour-pour-2026\/","title":{"rendered":"Slov\u00e9nie : Seuils de d\u00e9claration Intrastat mis \u00e0 jour pour 2026"},"content":{"rendered":"\n<p><strong>La Slov\u00e9nie ajuste son cadre Intrastat pour 2026<\/strong>, avec <a href=\"https:\/\/asdgroupcustoms.com\/fr\/seuils-intrastat-et-emebi-2026-en-ue\/\">de nouveaux seuils qui red\u00e9finiront les obligations de d\u00e9claration pour les entreprises \u00e9changeant des biens au sein de l\u2019Union europ\u00e9enne<\/a>. L\u2019annonce, \u00e9mise par l\u2019<em>Office statistique de la R\u00e9publique de Slov\u00e9nie<\/em>, confirme que ces changements entreront en vigueur le 1er janvier 2026.<\/p>\n\n\n\n<p>\u00c0 compter de cette date, les entreprises devront surveiller les seuils annuels suivants sur une p\u00e9riode de 12 mois glissants : <\/p>\n\n\n\n<ul class=\"wp-block-list\">\n<li>300 000 EUR pour les arriv\u00e9es (pr\u00e9c\u00e9demment 240 000 EUR),<\/li>\n\n\n\n<li>et 280 000 EUR pour les exp\u00e9ditions (pr\u00e9c\u00e9demment 270 000 EUR).<\/li>\n<\/ul>\n\n\n\n<p>Ces ajustements ne sont pas seulement des mises \u00e0 jour techniques, ils peuvent avoir un impact significatif sur votre statut de d\u00e9claration. Certaines entreprises <strong>pourraient ne plus \u00eatre tenues de d\u00e9poser des d\u00e9clarations Intrastat<\/strong>, tandis que d\u2019autres <strong>pourraient entrer dans le champ d\u2019application<\/strong> pour la premi\u00e8re fois.<\/p>\n\n\n\n<p>Pour les entreprises impliqu\u00e9es dans le <strong>commerce intracommunautaire<\/strong>, il est essentiel de suivre attentivement ces nouvelles limites. Ne pas anticiper les changements d\u2019obligations de d\u00e9claration peut entra\u00eener une non-conformit\u00e9 aux exigences statistiques.<\/p>\n\n\n\n<p>En 2026, examiner vos flux commerciaux et pr\u00e9parer d\u2019\u00e9ventuels changements dans vos obligations Intrastat constitue une \u00e9tape essentielle. Si vos transactions d\u00e9passent les nouveaux seuils, mettre en place ou adapter vos processus de d\u00e9claration d\u00e8s maintenant vous permettra d\u2019assurer une transition fluide.<\/p>\n\n\n\n<div class=\"wp-block-essential-blocks-call-to-action  root-eb-call-to-action-g3ckf\"><div class=\"eb-parent-wrapper eb-parent-eb-call-to-action-g3ckf \"><div class=\"eb-cia-wrapper eb-call-to-action-g3ckf\" data-icon=\"far fa-comment-dots\"><div class=\"eb-cia-text-wrapper\"><i class=\"far fa-comment-dots eb-cia-icon\" icon=\"far fa-comment-dots\"><\/i><h3 class=\"eb-cia-title\"><a href=\"https:\/\/asdgroupcustoms.com\/fr\/gestion-declarations-intrastat\/\">Besoin d\u2019aide pour vos d\u00e9clarations Intrastat ?<\/a><\/h3><p class=\"eb-cia-description\">Nous pouvons vous aider \u00e0 rester en conformit\u00e9 tout en simplifiant vos proc\u00e9dures de d\u00e9claration.<\/p><\/div><div class=\"eb-cia-button-wrapper\"><a href=\"https:\/\/asdgroupcustoms.com\/fr\/contact\/\" target=\"_self\" rel=\"noopener\"><div class=\"eb-cia-button is-large\">Contactez nos sp\u00e9cialistes d\u00e8s maintenant ><\/div><\/a><\/div><\/div><\/div><\/div>\n\n\n\n<p>Source : <a href=\"https:\/\/www.stat.si\/StatWeb\/File\/DocSysFile\/14580\/INTRASTAT_GUIDE_2026.pdf\" target=\"_blank\" rel=\"noreferrer noopener\">stat.si<\/a> (PDF en anglais)<\/p>\n\n\n\n<hr class=\"wp-block-separator has-alpha-channel-opacity\"\/>\n\n\n\n<div style=\"height:20px\" aria-hidden=\"true\" class=\"wp-block-spacer\"><\/div>\n\n\n\n<div class=\"wp-block-media-text is-vertically-aligned-top\" style=\"grid-template-columns:15% auto\"><figure class=\"wp-block-media-text__media\"><img decoding=\"async\" width=\"150\" height=\"150\" src=\"https:\/\/asdgroupcustoms.com\/wp-content\/uploads\/2026\/02\/Noemie_Almot-CM-Medaillon-ASD-Group-150x150.png\" alt=\"\" class=\"wp-image-208142 size-thumbnail\" srcset=\"https:\/\/asdgroupcustoms.com\/wp-content\/uploads\/2026\/02\/Noemie_Almot-CM-Medaillon-ASD-Group-150x150.png 150w, https:\/\/asdgroupcustoms.com\/wp-content\/uploads\/2026\/02\/Noemie_Almot-CM-Medaillon-ASD-Group-298x300.png 298w, https:\/\/asdgroupcustoms.com\/wp-content\/uploads\/2026\/02\/Noemie_Almot-CM-Medaillon-ASD-Group.png 517w\" sizes=\"(max-width: 150px) 100vw, 150px\" \/><\/figure><div class=\"wp-block-media-text__content\">\n<p><strong>No\u00e9mie Almot<\/strong><br><em>Community Manager &amp; R\u00e9dactrice<\/em><\/p>\n\n\n\n<p style=\"font-size:15px\">No\u00e9mie&nbsp;est r\u00e9dactrice sp\u00e9cialis\u00e9e chez ASD Group. Elle r\u00e9dige et anime les articles de blog et les actualit\u00e9s de nos sites, avec un focus sur la TVA, les taxes internationales, les op\u00e9rations douani\u00e8res, la r\u00e9glementation sociale et le commerce international. Gr\u00e2ce \u00e0 sa plume claire et p\u00e9dagogique, No\u00e9mie transforme des sujets techniques et r\u00e9glementaires en contenus accessibles et utiles pour les entreprises.<\/p>\n\n\n\n<ul class=\"wp-block-social-links is-layout-flex wp-block-social-links-is-layout-flex\"><li class=\"wp-social-link wp-social-link-linkedin  wp-block-social-link\"><a rel=\"target=&quot;_blank&quot; noopener nofollow\" target=\"_blank\" href=\"https:\/\/www.linkedin.com\/in\/no%C3%A9mie-almot\/\" class=\"wp-block-social-link-anchor\"><svg width=\"24\" height=\"24\" viewBox=\"0 0 24 24\" version=\"1.1\" xmlns=\"http:\/\/www.w3.org\/2000\/svg\" aria-hidden=\"true\" focusable=\"false\"><path d=\"M19.7,3H4.3C3.582,3,3,3.582,3,4.3v15.4C3,20.418,3.582,21,4.3,21h15.4c0.718,0,1.3-0.582,1.3-1.3V4.3 C21,3.582,20.418,3,19.7,3z M8.339,18.338H5.667v-8.59h2.672V18.338z M7.004,8.574c-0.857,0-1.549-0.694-1.549-1.548 c0-0.855,0.691-1.548,1.549-1.548c0.854,0,1.547,0.694,1.547,1.548C8.551,7.881,7.858,8.574,7.004,8.574z M18.339,18.338h-2.669 v-4.177c0-0.996-0.017-2.278-1.387-2.278c-1.389,0-1.601,1.086-1.601,2.206v4.249h-2.667v-8.59h2.559v1.174h0.037 c0.356-0.675,1.227-1.387,2.526-1.387c2.703,0,3.203,1.779,3.203,4.092V18.338z\"><\/path><\/svg><span class=\"wp-block-social-link-label screen-reader-text\">LinkedIn<\/span><\/a><\/li><\/ul>\n\n\n\n<div class=\"wp-block-columns is-layout-flex wp-container-core-columns-is-layout-28f84493 wp-block-columns-is-layout-flex\">\n<div class=\"wp-block-column is-layout-flow wp-block-column-is-layout-flow\" style=\"flex-basis:100%\"><\/div>\n<\/div>\n<\/div><\/div>\n","protected":false},"excerpt":{"rendered":"<p>La Slov\u00e9nie ajuste son cadre Intrastat pour 2026, avec de nouveaux seuils qui red\u00e9finiront les obligations de d\u00e9claration pour les entreprises \u00e9changeant des biens au sein de l\u2019Union europ\u00e9enne. L\u2019annonce, \u00e9mise par l\u2019Office statistique de la R\u00e9publique de Slov\u00e9nie, confirme que ces changements entreront en vigueur le 1er janvier 2026. \u00c0 compter de cette date, [&hellip;]<\/p>\n","protected":false},"author":2,"featured_media":209140,"menu_order":0,"template":"","format":"standard","meta":{"_eb_attr":"","footnotes":""},"categories":[46,109],"tags":[54,740,55,606],"country":[426],"class_list":["post-209141","actualite","type-actualite","status-publish","format-standard","has-post-thumbnail","hentry","category-customs-en","category-douane","tag-intrastat-en","tag-intrastat-fr","tag-intrastat-thresholds","tag-seuils-intrastat","country-slovenie-fr"],"yoast_head":"<!-- This site is optimized with the Yoast SEO plugin v27.4 - https:\/\/yoast.com\/product\/yoast-seo-wordpress\/ -->\n<title>Slov\u00e9nie : Seuils de d\u00e9claration Intrastat mis \u00e0 jour pour 2026 | ASD Group Customs<\/title>\n<meta name=\"description\" content=\"La Slov\u00e9nie met \u00e0 jour ses seuils Intrastat pour 2026. D\u00e9couvrez les nouvelles limites et ce qu\u2019elles impliquent pour vos obligations de d\u00e9claration.\" \/>\n<meta name=\"robots\" content=\"index, follow, max-snippet:-1, max-image-preview:large, max-video-preview:-1\" \/>\n<link rel=\"canonical\" href=\"https:\/\/asdgroupcustoms.com\/fr\/slovenie-seuils-de-declaration-intrastat-mis-a-jour-pour-2026\/\" \/>\n<meta property=\"og:locale\" content=\"fr_FR\" \/>\n<meta property=\"og:type\" content=\"article\" \/>\n<meta property=\"og:title\" content=\"Slov\u00e9nie : Seuils de d\u00e9claration Intrastat mis \u00e0 jour pour 2026 | ASD Group Customs\" \/>\n<meta property=\"og:description\" content=\"La Slov\u00e9nie met \u00e0 jour ses seuils Intrastat pour 2026. D\u00e9couvrez les nouvelles limites et ce qu\u2019elles impliquent pour vos obligations de d\u00e9claration.\" \/>\n<meta property=\"og:url\" content=\"https:\/\/asdgroupcustoms.com\/fr\/slovenie-seuils-de-declaration-intrastat-mis-a-jour-pour-2026\/\" \/>\n<meta property=\"og:site_name\" content=\"ASD Group Customs\" \/>\n<meta property=\"article:publisher\" content=\"https:\/\/www.facebook.com\/asdgroupcustoms\" \/>\n<meta property=\"article:modified_time\" content=\"2026-04-15T08:21:59+00:00\" \/>\n<meta property=\"og:image\" content=\"https:\/\/asdgroupcustoms.com\/wp-content\/uploads\/2026\/03\/slovenia-2026-intrastat-reporting-thresholds-updated.jpg\" \/>\n\t<meta property=\"og:image:width\" content=\"1440\" \/>\n\t<meta property=\"og:image:height\" content=\"608\" \/>\n\t<meta property=\"og:image:type\" content=\"image\/jpeg\" \/>\n<meta name=\"twitter:card\" content=\"summary_large_image\" \/>\n<meta name=\"twitter:label1\" content=\"Dur\u00e9e de lecture estim\u00e9e\" \/>\n\t<meta name=\"twitter:data1\" content=\"2 minutes\" \/>\n<script type=\"application\/ld+json\" class=\"yoast-schema-graph\">{\"@context\":\"https:\\\/\\\/schema.org\",\"@graph\":[{\"@type\":\"WebPage\",\"@id\":\"https:\\\/\\\/asdgroupcustoms.com\\\/fr\\\/slovenie-seuils-de-declaration-intrastat-mis-a-jour-pour-2026\\\/\",\"url\":\"https:\\\/\\\/asdgroupcustoms.com\\\/fr\\\/slovenie-seuils-de-declaration-intrastat-mis-a-jour-pour-2026\\\/\",\"name\":\"Slov\u00e9nie : Seuils de d\u00e9claration Intrastat mis \u00e0 jour pour 2026 | ASD Group Customs\",\"isPartOf\":{\"@id\":\"https:\\\/\\\/asdgroupcustoms.com\\\/fr\\\/#website\"},\"primaryImageOfPage\":{\"@id\":\"https:\\\/\\\/asdgroupcustoms.com\\\/fr\\\/slovenie-seuils-de-declaration-intrastat-mis-a-jour-pour-2026\\\/#primaryimage\"},\"image\":{\"@id\":\"https:\\\/\\\/asdgroupcustoms.com\\\/fr\\\/slovenie-seuils-de-declaration-intrastat-mis-a-jour-pour-2026\\\/#primaryimage\"},\"thumbnailUrl\":\"https:\\\/\\\/asdgroupcustoms.com\\\/wp-content\\\/uploads\\\/2026\\\/03\\\/slovenia-2026-intrastat-reporting-thresholds-updated.jpg\",\"datePublished\":\"2026-03-30T07:38:00+00:00\",\"dateModified\":\"2026-04-15T08:21:59+00:00\",\"description\":\"La Slov\u00e9nie met \u00e0 jour ses seuils Intrastat pour 2026. D\u00e9couvrez les nouvelles limites et ce qu\u2019elles impliquent pour vos obligations de d\u00e9claration.\",\"breadcrumb\":{\"@id\":\"https:\\\/\\\/asdgroupcustoms.com\\\/fr\\\/slovenie-seuils-de-declaration-intrastat-mis-a-jour-pour-2026\\\/#breadcrumb\"},\"inLanguage\":\"fr-FR\",\"potentialAction\":[{\"@type\":\"ReadAction\",\"target\":[\"https:\\\/\\\/asdgroupcustoms.com\\\/fr\\\/slovenie-seuils-de-declaration-intrastat-mis-a-jour-pour-2026\\\/\"]}]},{\"@type\":\"ImageObject\",\"inLanguage\":\"fr-FR\",\"@id\":\"https:\\\/\\\/asdgroupcustoms.com\\\/fr\\\/slovenie-seuils-de-declaration-intrastat-mis-a-jour-pour-2026\\\/#primaryimage\",\"url\":\"https:\\\/\\\/asdgroupcustoms.com\\\/wp-content\\\/uploads\\\/2026\\\/03\\\/slovenia-2026-intrastat-reporting-thresholds-updated.jpg\",\"contentUrl\":\"https:\\\/\\\/asdgroupcustoms.com\\\/wp-content\\\/uploads\\\/2026\\\/03\\\/slovenia-2026-intrastat-reporting-thresholds-updated.jpg\",\"width\":1440,\"height\":608,\"caption\":\"Slov\u00e9nie : Seuils de d\u00e9claration Intrastat mis \u00e0 jour pour 2026\"},{\"@type\":\"BreadcrumbList\",\"@id\":\"https:\\\/\\\/asdgroupcustoms.com\\\/fr\\\/slovenie-seuils-de-declaration-intrastat-mis-a-jour-pour-2026\\\/#breadcrumb\",\"itemListElement\":[{\"@type\":\"ListItem\",\"position\":1,\"name\":\"Accueil\",\"item\":\"https:\\\/\\\/asdgroupcustoms.com\\\/fr\\\/\"},{\"@type\":\"ListItem\",\"position\":2,\"name\":\"Slov\u00e9nie : Seuils de d\u00e9claration Intrastat mis \u00e0 jour pour 2026\"}]},{\"@type\":\"WebSite\",\"@id\":\"https:\\\/\\\/asdgroupcustoms.com\\\/fr\\\/#website\",\"url\":\"https:\\\/\\\/asdgroupcustoms.com\\\/fr\\\/\",\"name\":\"ASD Group Customs\",\"description\":\"\",\"publisher\":{\"@id\":\"https:\\\/\\\/asdgroupcustoms.com\\\/fr\\\/#organization\"},\"alternateName\":\"ASD Group Customs\",\"potentialAction\":[{\"@type\":\"SearchAction\",\"target\":{\"@type\":\"EntryPoint\",\"urlTemplate\":\"https:\\\/\\\/asdgroupcustoms.com\\\/fr\\\/?s={search_term_string}\"},\"query-input\":{\"@type\":\"PropertyValueSpecification\",\"valueRequired\":true,\"valueName\":\"search_term_string\"}}],\"inLanguage\":\"fr-FR\"},{\"@type\":\"Organization\",\"@id\":\"https:\\\/\\\/asdgroupcustoms.com\\\/fr\\\/#organization\",\"name\":\"ASD Group Customs\",\"alternateName\":\"ASD Group Customs\",\"url\":\"https:\\\/\\\/asdgroupcustoms.com\\\/fr\\\/\",\"logo\":{\"@type\":\"ImageObject\",\"inLanguage\":\"fr-FR\",\"@id\":\"https:\\\/\\\/asdgroupcustoms.com\\\/fr\\\/#\\\/schema\\\/logo\\\/image\\\/\",\"url\":\"https:\\\/\\\/asdgroupcustoms.com\\\/wp-content\\\/uploads\\\/2025\\\/04\\\/Logo-ASD_noir.svg\",\"contentUrl\":\"https:\\\/\\\/asdgroupcustoms.com\\\/wp-content\\\/uploads\\\/2025\\\/04\\\/Logo-ASD_noir.svg\",\"width\":253,\"height\":172,\"caption\":\"ASD Group Customs\"},\"image\":{\"@id\":\"https:\\\/\\\/asdgroupcustoms.com\\\/fr\\\/#\\\/schema\\\/logo\\\/image\\\/\"},\"sameAs\":[\"https:\\\/\\\/www.facebook.com\\\/asdgroupcustoms\",\"https:\\\/\\\/www.linkedin.com\\\/showcase\\\/asd-group-customs\\\/\"]}]}<\/script>\n<!-- \/ Yoast SEO plugin. -->","yoast_head_json":{"title":"Slov\u00e9nie : Seuils de d\u00e9claration Intrastat mis \u00e0 jour pour 2026 | ASD Group Customs","description":"La Slov\u00e9nie met \u00e0 jour ses seuils Intrastat pour 2026. D\u00e9couvrez les nouvelles limites et ce qu\u2019elles impliquent pour vos obligations de d\u00e9claration.","robots":{"index":"index","follow":"follow","max-snippet":"max-snippet:-1","max-image-preview":"max-image-preview:large","max-video-preview":"max-video-preview:-1"},"canonical":"https:\/\/asdgroupcustoms.com\/fr\/slovenie-seuils-de-declaration-intrastat-mis-a-jour-pour-2026\/","og_locale":"fr_FR","og_type":"article","og_title":"Slov\u00e9nie : Seuils de d\u00e9claration Intrastat mis \u00e0 jour pour 2026 | ASD Group Customs","og_description":"La Slov\u00e9nie met \u00e0 jour ses seuils Intrastat pour 2026. D\u00e9couvrez les nouvelles limites et ce qu\u2019elles impliquent pour vos obligations de d\u00e9claration.","og_url":"https:\/\/asdgroupcustoms.com\/fr\/slovenie-seuils-de-declaration-intrastat-mis-a-jour-pour-2026\/","og_site_name":"ASD Group Customs","article_publisher":"https:\/\/www.facebook.com\/asdgroupcustoms","article_modified_time":"2026-04-15T08:21:59+00:00","og_image":[{"width":1440,"height":608,"url":"https:\/\/asdgroupcustoms.com\/wp-content\/uploads\/2026\/03\/slovenia-2026-intrastat-reporting-thresholds-updated.jpg","type":"image\/jpeg"}],"twitter_card":"summary_large_image","twitter_misc":{"Dur\u00e9e de lecture estim\u00e9e":"2 minutes"},"schema":{"@context":"https:\/\/schema.org","@graph":[{"@type":"WebPage","@id":"https:\/\/asdgroupcustoms.com\/fr\/slovenie-seuils-de-declaration-intrastat-mis-a-jour-pour-2026\/","url":"https:\/\/asdgroupcustoms.com\/fr\/slovenie-seuils-de-declaration-intrastat-mis-a-jour-pour-2026\/","name":"Slov\u00e9nie : Seuils de d\u00e9claration Intrastat mis \u00e0 jour pour 2026 | ASD Group Customs","isPartOf":{"@id":"https:\/\/asdgroupcustoms.com\/fr\/#website"},"primaryImageOfPage":{"@id":"https:\/\/asdgroupcustoms.com\/fr\/slovenie-seuils-de-declaration-intrastat-mis-a-jour-pour-2026\/#primaryimage"},"image":{"@id":"https:\/\/asdgroupcustoms.com\/fr\/slovenie-seuils-de-declaration-intrastat-mis-a-jour-pour-2026\/#primaryimage"},"thumbnailUrl":"https:\/\/asdgroupcustoms.com\/wp-content\/uploads\/2026\/03\/slovenia-2026-intrastat-reporting-thresholds-updated.jpg","datePublished":"2026-03-30T07:38:00+00:00","dateModified":"2026-04-15T08:21:59+00:00","description":"La Slov\u00e9nie met \u00e0 jour ses seuils Intrastat pour 2026. D\u00e9couvrez les nouvelles limites et ce qu\u2019elles impliquent pour vos obligations de d\u00e9claration.","breadcrumb":{"@id":"https:\/\/asdgroupcustoms.com\/fr\/slovenie-seuils-de-declaration-intrastat-mis-a-jour-pour-2026\/#breadcrumb"},"inLanguage":"fr-FR","potentialAction":[{"@type":"ReadAction","target":["https:\/\/asdgroupcustoms.com\/fr\/slovenie-seuils-de-declaration-intrastat-mis-a-jour-pour-2026\/"]}]},{"@type":"ImageObject","inLanguage":"fr-FR","@id":"https:\/\/asdgroupcustoms.com\/fr\/slovenie-seuils-de-declaration-intrastat-mis-a-jour-pour-2026\/#primaryimage","url":"https:\/\/asdgroupcustoms.com\/wp-content\/uploads\/2026\/03\/slovenia-2026-intrastat-reporting-thresholds-updated.jpg","contentUrl":"https:\/\/asdgroupcustoms.com\/wp-content\/uploads\/2026\/03\/slovenia-2026-intrastat-reporting-thresholds-updated.jpg","width":1440,"height":608,"caption":"Slov\u00e9nie : Seuils de d\u00e9claration Intrastat mis \u00e0 jour pour 2026"},{"@type":"BreadcrumbList","@id":"https:\/\/asdgroupcustoms.com\/fr\/slovenie-seuils-de-declaration-intrastat-mis-a-jour-pour-2026\/#breadcrumb","itemListElement":[{"@type":"ListItem","position":1,"name":"Accueil","item":"https:\/\/asdgroupcustoms.com\/fr\/"},{"@type":"ListItem","position":2,"name":"Slov\u00e9nie : Seuils de d\u00e9claration Intrastat mis \u00e0 jour pour 2026"}]},{"@type":"WebSite","@id":"https:\/\/asdgroupcustoms.com\/fr\/#website","url":"https:\/\/asdgroupcustoms.com\/fr\/","name":"ASD Group Customs","description":"","publisher":{"@id":"https:\/\/asdgroupcustoms.com\/fr\/#organization"},"alternateName":"ASD Group Customs","potentialAction":[{"@type":"SearchAction","target":{"@type":"EntryPoint","urlTemplate":"https:\/\/asdgroupcustoms.com\/fr\/?s={search_term_string}"},"query-input":{"@type":"PropertyValueSpecification","valueRequired":true,"valueName":"search_term_string"}}],"inLanguage":"fr-FR"},{"@type":"Organization","@id":"https:\/\/asdgroupcustoms.com\/fr\/#organization","name":"ASD Group Customs","alternateName":"ASD Group Customs","url":"https:\/\/asdgroupcustoms.com\/fr\/","logo":{"@type":"ImageObject","inLanguage":"fr-FR","@id":"https:\/\/asdgroupcustoms.com\/fr\/#\/schema\/logo\/image\/","url":"https:\/\/asdgroupcustoms.com\/wp-content\/uploads\/2025\/04\/Logo-ASD_noir.svg","contentUrl":"https:\/\/asdgroupcustoms.com\/wp-content\/uploads\/2025\/04\/Logo-ASD_noir.svg","width":253,"height":172,"caption":"ASD Group Customs"},"image":{"@id":"https:\/\/asdgroupcustoms.com\/fr\/#\/schema\/logo\/image\/"},"sameAs":["https:\/\/www.facebook.com\/asdgroupcustoms","https:\/\/www.linkedin.com\/showcase\/asd-group-customs\/"]}]}},"_links":{"self":[{"href":"https:\/\/asdgroupcustoms.com\/fr\/wp-json\/wp\/v2\/actualite\/209141","targetHints":{"allow":["GET"]}}],"collection":[{"href":"https:\/\/asdgroupcustoms.com\/fr\/wp-json\/wp\/v2\/actualite"}],"about":[{"href":"https:\/\/asdgroupcustoms.com\/fr\/wp-json\/wp\/v2\/types\/actualite"}],"author":[{"embeddable":true,"href":"https:\/\/asdgroupcustoms.com\/fr\/wp-json\/wp\/v2\/users\/2"}],"version-history":[{"count":5,"href":"https:\/\/asdgroupcustoms.com\/fr\/wp-json\/wp\/v2\/actualite\/209141\/revisions"}],"predecessor-version":[{"id":209199,"href":"https:\/\/asdgroupcustoms.com\/fr\/wp-json\/wp\/v2\/actualite\/209141\/revisions\/209199"}],"wp:featuredmedia":[{"embeddable":true,"href":"https:\/\/asdgroupcustoms.com\/fr\/wp-json\/wp\/v2\/media\/209140"}],"wp:attachment":[{"href":"https:\/\/asdgroupcustoms.com\/fr\/wp-json\/wp\/v2\/media?parent=209141"}],"wp:term":[{"taxonomy":"category","embeddable":true,"href":"https:\/\/asdgroupcustoms.com\/fr\/wp-json\/wp\/v2\/categories?post=209141"},{"taxonomy":"post_tag","embeddable":true,"href":"https:\/\/asdgroupcustoms.com\/fr\/wp-json\/wp\/v2\/tags?post=209141"},{"taxonomy":"country","embeddable":true,"href":"https:\/\/asdgroupcustoms.com\/fr\/wp-json\/wp\/v2\/country?post=209141"}],"curies":[{"name":"wp","href":"https:\/\/api.w.org\/{rel}","templated":true}]}}